{"id":677,"date":"2009-12-05T15:37:19","date_gmt":"2009-12-05T13:37:19","guid":{"rendered":"http:\/\/www.peches-mignons.fr\/?p=677"},"modified":"2009-12-05T15:37:19","modified_gmt":"2009-12-05T13:37:19","slug":"fete-des-lumieres-2009","status":"publish","type":"post","link":"https:\/\/www.peches-mignons.fr\/?p=677","title":{"rendered":"F\u00eate des Lumi\u00e8res 2009"},"content":{"rendered":"<p>Du 5 au 8 d\u00e9cembre dans toute la ville.<\/p>\n<p>Allumage de la F\u00eate \u00e0 partir de 18h &#8211; Place Bellecour.<\/p>\n<p>Une nouvelle fois, Lyon va devenir un lieu unique au monde o\u00f9 se croiseront au d\u00e9tour d&rsquo;une rue, d&rsquo;un pont ou d&rsquo;une colline, 70 projets artistiques emprunts de f\u00e9\u00e9rie, de po\u00e9sie et de spectaculaire.<\/p>\n<p>Moment magique de partage et d&rsquo;\u00e9motion, la F\u00eate des Lumi\u00e8res est devenue un grand festival international tout en restant fid\u00e8le aux traditions du 8 d\u00e9cembre.<\/p>\n<p><object classid=\"clsid:d27cdb6e-ae6d-11cf-96b8-444553540000\" codebase=\"http:\/\/download.macromedia.com\/pub\/shockwave\/cabs\/flash\/swflash.cab#version=6,0,40,0\" width=\"650\" height=\"100\"><param name=\"width\" value=\"650\" \/><param name=\"height\" value=\"100\" \/><param name=\"src\" value=\"\/FDL-lumiere.swf\" \/><embed type=\"application\/x-shockwave-flash\" width=\"650\" height=\"100\" src=\"\/FDL-lumiere.swf\"><\/embed><\/object><\/p>\n<p><a href=\"http:\/\/www.lumieres.lyon.fr\/\" target=\"_lumiere\" title=\"Fete des Lumieres\">Tout le programme sur lumieres.lyon.fr<\/a><\/p>\n<p><strong><br \/>\nAnnul\u00e9 le 14 juillet 2009 suite aux intemp\u00e9ries, le feu d&rsquo;artifice sera tir\u00e9 depuis la colline de Fourvi\u00e8re le 6 d\u00e9cembre 2009 \u00e0 19h.<\/strong><\/p>\n<p><!--more--><\/p>\n<p style=\"text-align: center\"><img loading=\"lazy\" decoding=\"async\" src=\"http:\/\/www.peches-mignons.fr\/wp-content\/uploads\/lumignons.jpg\" alt=\"lumignons\" title=\"lumignons\" border=\"0\" height=\"398\" width=\"600\" \/><\/p>\n<p>Chaque 8 d\u00e9cembre, les lyonnais allument de petits lampions sur leurs fen\u00eatres en hommage \u00e0 la Vierge puis descendent se promener dans la ville alors embras\u00e9e de milliers de lumignons et anim\u00e9e par des spectacles originaux dans l&rsquo;ensemble des quartiers.<\/p>\n<p>Ces illuminations constituent une tradition fortement ancr\u00e9e dans la vie de la cit\u00e9 et attire des centaines de milliers de visiteurs chaque ann\u00e9e.<\/p>\n<p>Cette tradition est n\u00e9e il y a pr\u00e8s d&rsquo;un si\u00e8cle et demi. Le 8 d\u00e9cembre 1852, doit avoir lieu l&rsquo;inauguration de la statue de la Vierge Marie, \u00e9rig\u00e9e sur la colline de Fourvi\u00e8re. Un moment important pour tous les croyants de la ville puisque cet \u00e9v\u00e9nement avait \u00e9t\u00e9 report\u00e9 \u00e0 cause d&rsquo;une crue de la Sa\u00f4ne. Il aurait d\u00fb \u00e0 l&rsquo;origine se d\u00e9rouler le 8 septembre, jour de la f\u00eate de la Nativit\u00e9 de la Vierge et date anniversaire du v\u0153u des \u00e9chevins de 1643. Or en ce soir du 8 d\u00e9cembre, alors que la F\u00eate se pr\u00e9pare et que les notables catholiques lyonnais proposent d&rsquo;illuminer les fa\u00e7ades de leurs maisons comme cela se fait traditionnellement pour les grands \u00e9v\u00e9nements, un orage s&rsquo;abat sur Lyon et menace une fois de plus la c\u00e9r\u00e9monie. Mais heureusement le temps redevient cl\u00e9ment. Alors la population qui avait tant attendu cette manifestation illumine d&rsquo;un geste spontan\u00e9 ses fen\u00eatres et descend dans les rues. Elle conservera cette coutume jusqu&rsquo;\u00e0 nos jours.<\/p>\n","protected":false},"excerpt":{"rendered":"<p>Du 5 au 8 d\u00e9cembre dans toute la ville. Allumage de la F\u00eate \u00e0 partir de 18h &#8211; Place Bellecour. Une nouvelle fois, Lyon va devenir un lieu unique au monde o\u00f9 se croiseront au d\u00e9tour d&rsquo;une rue, d&rsquo;un pont ou d&rsquo;une colline, 70 projets artistiques emprunts de f\u00e9\u00e9rie, de po\u00e9sie et de spectaculaire. Moment &hellip;<\/p>\n","protected":false},"author":2,"featured_media":0,"comment_status":"open","ping_status":"open","sticky":false,"template":"","format":"standard","meta":{"footnotes":""},"categories":[3],"tags":[452],"class_list":["post-677","post","type-post","status-publish","format-standard","","category-evenements","tag-lyon"],"aioseo_notices":[],"_links":{"self":[{"href":"https:\/\/www.peches-mignons.fr\/index.php?rest_route=\/wp\/v2\/posts\/677","targetHints":{"allow":["GET"]}}],"collection":[{"href":"https:\/\/www.peches-mignons.fr\/index.php?rest_route=\/wp\/v2\/posts"}],"about":[{"href":"https:\/\/www.peches-mignons.fr\/index.php?rest_route=\/wp\/v2\/types\/post"}],"author":[{"embeddable":true,"href":"https:\/\/www.peches-mignons.fr\/index.php?rest_route=\/wp\/v2\/users\/2"}],"replies":[{"embeddable":true,"href":"https:\/\/www.peches-mignons.fr\/index.php?rest_route=%2Fwp%2Fv2%2Fcomments&post=677"}],"version-history":[{"count":0,"href":"https:\/\/www.peches-mignons.fr\/index.php?rest_route=\/wp\/v2\/posts\/677\/revisions"}],"wp:attachment":[{"href":"https:\/\/www.peches-mignons.fr\/index.php?rest_route=%2Fwp%2Fv2%2Fmedia&parent=677"}],"wp:term":[{"taxonomy":"category","embeddable":true,"href":"https:\/\/www.peches-mignons.fr\/index.php?rest_route=%2Fwp%2Fv2%2Fcategories&post=677"},{"taxonomy":"post_tag","embeddable":true,"href":"https:\/\/www.peches-mignons.fr\/index.php?rest_route=%2Fwp%2Fv2%2Ftags&post=677"}],"curies":[{"name":"wp","href":"https:\/\/api.w.org\/{rel}","templated":true}]}}